{"id":4634,"date":"2018-04-25T13:20:52","date_gmt":"2018-04-25T12:20:52","guid":{"rendered":"http:\/\/www.talvadesign.com\/?p=4634"},"modified":"2018-04-25T13:22:39","modified_gmt":"2018-04-25T12:22:39","slug":"off-biennale-of-dakar","status":"publish","type":"post","link":"https:\/\/www.talvadesign.com\/?p=4634&lang=fr","title":{"rendered":"OFF BIENNALE OF DAKAR"},"content":{"rendered":"<h6>Tr\u00e8s honor\u00e9 de faire partie de l&rsquo;exposition de l&rsquo;architecte et artiste Malick Mbow \u00e0 la OFF de la\u00a0<a href=\"https:\/\/www.facebook.com\/hashtag\/biennaledakar?source=feed_text\" data-ft=\"{&quot;tn&quot;:&quot;*N&quot;,&quot;type&quot;:104}\">#BiennaleDakar<\/a>\u00a0dans une tr\u00e8s belle compagnie! C&rsquo;est moi \u00e0 l&rsquo;extr\u00eame gauche\u00a0<img loading=\"lazy\" decoding=\"async\" role=\"presentation\" alt=\"\" src=\"https:\/\/static.xx.fbcdn.net\/images\/emoji.php\/v9\/f4c\/1\/16\/1f642.png\" width=\"16\" height=\"16\" \/>\ud83d\ude42\u00a0et sur le catalogue on trouve les dessins de Malick avec les paroles des cr\u00e9ateurs dessin\u00e9s.<\/h6>\n<p><img loading=\"lazy\" decoding=\"async\" class=\"alignnone size-full wp-image-4635\" alt=\"carton-biennale-Dakar\" src=\"http:\/\/www.talvadesign.com\/wordpress\/wp-content\/uploads\/2018\/04\/carton-biennale-Dakar.gif\" width=\"624\" height=\"312\" \/><\/p>\n<div style=\"padding-bottom:5px; padding-top:5px;\" class=\"hupso-share-buttons\"><!-- Hupso Share Buttons - https:\/\/www.hupso.com\/share\/ --><a class=\"hupso_toolbar\" href=\"https:\/\/www.hupso.com\/share\/\"><img decoding=\"async\" src=\"https:\/\/static.hupso.com\/share\/buttons\/share-small.png\" style=\"border:0px; padding-top: 5px; float:left;\" alt=\"Share Button\"\/><\/a><script type=\"text\/javascript\">var hupso_services_t=new Array(\"Twitter\",\"Facebook\",\"Google Plus\",\"Linkedin\");var hupso_background_t=\"#EAF4FF\";var hupso_border_t=\"#66CCFF\";var hupso_toolbar_size_t=\"small\";var hupso_image_folder_url = \"\";var hupso_url_t=\"\";var hupso_title_t=\"OFF%20BIENNALE%20OF%20DAKAR\";<\/script><script type=\"text\/javascript\" src=\"https:\/\/static.hupso.com\/share\/js\/share_toolbar.js\"><\/script><!-- Hupso Share Buttons --><\/div>","protected":false},"excerpt":{"rendered":"<p>Tr\u00e8s honor\u00e9 de faire partie de l&rsquo;exposition de l&rsquo;architecte et artiste Malick Mbow \u00e0 la OFF de la\u00a0#BiennaleDakar\u00a0dans une tr\u00e8s belle compagnie! C&rsquo;est moi \u00e0 l&rsquo;extr\u00eame gauche\u00a0\ud83d\ude42\u00a0et sur le catalogue on trouve les dessins de Malick avec les paroles des cr\u00e9ateurs dessin\u00e9s.<\/p>\n","protected":false},"author":2,"featured_media":0,"comment_status":"closed","ping_status":"closed","sticky":false,"template":"","format":"standard","meta":{"footnotes":""},"categories":[],"tags":[],"class_list":["post-4634","post","type-post","status-publish","format-standard","hentry"],"_links":{"self":[{"href":"https:\/\/www.talvadesign.com\/index.php?rest_route=%2Fwp%2Fv2%2Fposts%2F4634&lang=fr","targetHints":{"allow":["GET"]}}],"collection":[{"href":"https:\/\/www.talvadesign.com\/index.php?rest_route=%2Fwp%2Fv2%2Fposts&lang=fr"}],"about":[{"href":"https:\/\/www.talvadesign.com\/index.php?rest_route=%2Fwp%2Fv2%2Ftypes%2Fpost&lang=fr"}],"author":[{"embeddable":true,"href":"https:\/\/www.talvadesign.com\/index.php?rest_route=%2Fwp%2Fv2%2Fusers%2F2&lang=fr"}],"replies":[{"embeddable":true,"href":"https:\/\/www.talvadesign.com\/index.php?rest_route=%2Fwp%2Fv2%2Fcomments&lang=fr&post=4634"}],"version-history":[{"count":2,"href":"https:\/\/www.talvadesign.com\/index.php?rest_route=%2Fwp%2Fv2%2Fposts%2F4634%2Frevisions&lang=fr"}],"predecessor-version":[{"id":4637,"href":"https:\/\/www.talvadesign.com\/index.php?rest_route=%2Fwp%2Fv2%2Fposts%2F4634%2Frevisions%2F4637&lang=fr"}],"wp:attachment":[{"href":"https:\/\/www.talvadesign.com\/index.php?rest_route=%2Fwp%2Fv2%2Fmedia&lang=fr&parent=4634"}],"wp:term":[{"taxonomy":"category","embeddable":true,"href":"https:\/\/www.talvadesign.com\/index.php?rest_route=%2Fwp%2Fv2%2Fcategories&lang=fr&post=4634"},{"taxonomy":"post_tag","embeddable":true,"href":"https:\/\/www.talvadesign.com\/index.php?rest_route=%2Fwp%2Fv2%2Ftags&lang=fr&post=4634"}],"curies":[{"name":"wp","href":"https:\/\/api.w.org\/{rel}","templated":true}]}}