{"id":3403,"date":"2015-06-27T09:10:18","date_gmt":"2015-06-27T08:10:18","guid":{"rendered":"http:\/\/www.talvadesign.com\/?p=3403"},"modified":"2015-06-29T09:33:29","modified_gmt":"2015-06-29T08:33:29","slug":"3403","status":"publish","type":"post","link":"https:\/\/www.talvadesign.com\/?p=3403&lang=fr","title":{"rendered":"Nouveau Chandelier avec Facteur C\u00e9l\u00e9ste en exposition dimanche"},"content":{"rendered":"<p>Le nouveau chandelier que j\u2019ai cr\u00e9e pour Facteur C\u00e9leste est maintenait en vente sur commende\u00a0 et sera expos\u00e9 \u00e0 l&rsquo;occasion de l&rsquo;\u00e9v\u00e9nement de portes ouvertes ce dimanche.<br \/>\nCette lampe en forme v\u00e9g\u00e9tale, poss\u00e8de 12 bras qui s\u2019articulent comme on veut, elle est 100% en sac plastique recycl\u00e9 en crochet. Venez nombreux!<br \/>\nMerci \u00e0 Delphine, Tatiana et Elise pour cette agr\u00e9able collaboration.<\/p>\n<p>Acc\u00e8s : M\u00e9tro 9 \u2013 Robespierre<br \/>\nHoraires : De 14h \u00e0 20h<br \/>\nDate : Le dimanche 28 juin 2015<br \/>\nAdresse : 4 place de la fraternit\u00e9, 93100 Montreuil<\/p>\n<p>Pour plus d&rsquo;infos :\u00a0<a href=\"http:\/\/www.fillesdufacteur.org\/grande-porte-ouverte-facteur-celeste\/\">http:\/\/www.fillesdufacteur.org\/grande-porte-ouverte-facteur-celeste\/<\/a><\/p>\n<p><img loading=\"lazy\" decoding=\"async\" class=\"alignnone size-full wp-image-3404\" alt=\"Untitled-1\" src=\"http:\/\/www.talvadesign.com\/wordpress\/wp-content\/uploads\/2015\/06\/Untitled-1.jpg\" width=\"600\" height=\"800\" srcset=\"https:\/\/www.talvadesign.com\/wordpress\/wp-content\/uploads\/2015\/06\/Untitled-1.jpg 600w, https:\/\/www.talvadesign.com\/wordpress\/wp-content\/uploads\/2015\/06\/Untitled-1-225x300.jpg 225w\" sizes=\"auto, (max-width: 600px) 100vw, 600px\" \/><\/p>\n<p>&nbsp;<\/p>\n<div style=\"padding-bottom:5px; padding-top:5px;\" class=\"hupso-share-buttons\"><!-- Hupso Share Buttons - https:\/\/www.hupso.com\/share\/ --><a class=\"hupso_toolbar\" href=\"https:\/\/www.hupso.com\/share\/\"><img decoding=\"async\" src=\"https:\/\/static.hupso.com\/share\/buttons\/share-small.png\" style=\"border:0px; padding-top: 5px; float:left;\" alt=\"Share Button\"\/><\/a><script type=\"text\/javascript\">var hupso_services_t=new Array(\"Twitter\",\"Facebook\",\"Google Plus\",\"Linkedin\");var hupso_background_t=\"#EAF4FF\";var hupso_border_t=\"#66CCFF\";var hupso_toolbar_size_t=\"small\";var hupso_image_folder_url = \"\";var hupso_url_t=\"\";var hupso_title_t=\"Nouveau%20Chandelier%20avec%20Facteur%20C%C3%A9l%C3%A9ste%20en%20exposition%20dimanche\";<\/script><script type=\"text\/javascript\" src=\"https:\/\/static.hupso.com\/share\/js\/share_toolbar.js\"><\/script><!-- Hupso Share Buttons --><\/div>","protected":false},"excerpt":{"rendered":"<p>Le nouveau chandelier que j\u2019ai cr\u00e9e pour Facteur C\u00e9leste est maintenait en vente sur commende\u00a0 et sera expos\u00e9 \u00e0 l&rsquo;occasion de l&rsquo;\u00e9v\u00e9nement de portes ouvertes ce dimanche. Cette lampe en forme v\u00e9g\u00e9tale, poss\u00e8de 12 bras qui s\u2019articulent comme on veut, elle est 100% en sac plastique recycl\u00e9 en crochet. Venez nombreux! Merci \u00e0 Delphine, Tatiana [&hellip;]<\/p>\n","protected":false},"author":2,"featured_media":0,"comment_status":"closed","ping_status":"closed","sticky":false,"template":"","format":"standard","meta":{"footnotes":""},"categories":[],"tags":[],"class_list":["post-3403","post","type-post","status-publish","format-standard","hentry"],"_links":{"self":[{"href":"https:\/\/www.talvadesign.com\/index.php?rest_route=%2Fwp%2Fv2%2Fposts%2F3403&lang=fr","targetHints":{"allow":["GET"]}}],"collection":[{"href":"https:\/\/www.talvadesign.com\/index.php?rest_route=%2Fwp%2Fv2%2Fposts&lang=fr"}],"about":[{"href":"https:\/\/www.talvadesign.com\/index.php?rest_route=%2Fwp%2Fv2%2Ftypes%2Fpost&lang=fr"}],"author":[{"embeddable":true,"href":"https:\/\/www.talvadesign.com\/index.php?rest_route=%2Fwp%2Fv2%2Fusers%2F2&lang=fr"}],"replies":[{"embeddable":true,"href":"https:\/\/www.talvadesign.com\/index.php?rest_route=%2Fwp%2Fv2%2Fcomments&lang=fr&post=3403"}],"version-history":[{"count":4,"href":"https:\/\/www.talvadesign.com\/index.php?rest_route=%2Fwp%2Fv2%2Fposts%2F3403%2Frevisions&lang=fr"}],"predecessor-version":[{"id":3414,"href":"https:\/\/www.talvadesign.com\/index.php?rest_route=%2Fwp%2Fv2%2Fposts%2F3403%2Frevisions%2F3414&lang=fr"}],"wp:attachment":[{"href":"https:\/\/www.talvadesign.com\/index.php?rest_route=%2Fwp%2Fv2%2Fmedia&lang=fr&parent=3403"}],"wp:term":[{"taxonomy":"category","embeddable":true,"href":"https:\/\/www.talvadesign.com\/index.php?rest_route=%2Fwp%2Fv2%2Fcategories&lang=fr&post=3403"},{"taxonomy":"post_tag","embeddable":true,"href":"https:\/\/www.talvadesign.com\/index.php?rest_route=%2Fwp%2Fv2%2Ftags&lang=fr&post=3403"}],"curies":[{"name":"wp","href":"https:\/\/api.w.org\/{rel}","templated":true}]}}