{"id":1772,"date":"2013-10-14T18:49:54","date_gmt":"2013-10-14T17:49:54","guid":{"rendered":"http:\/\/www.talvadesign.com\/wordpress\/?p=1772"},"modified":"2014-03-12T18:52:07","modified_gmt":"2014-03-12T17:52:07","slug":"thomas-et-lexposition-photographique","status":"publish","type":"post","link":"https:\/\/www.talvadesign.com\/?p=1772&lang=fr","title":{"rendered":"Thomas et l\u2019exposition photographique"},"content":{"rendered":"<p>Il est temps de pr\u00e9senter le dernier membre de l&rsquo;\u00e9quipe, le fabuleux photographe Thomas Bremond. Il a commenc\u00e9 sa carri\u00e8re dans le journalisme. Sa premi\u00e8re mission l\u2019avait conduit aux c\u00f4t\u00e9s des rebelles du \u00a0Nigeria, entre les dunes. Depuis, Thomas a travaill\u00e9 dans des films.<\/p>\n<p>Dans le projet, \u00a0il aide \u00e0 enrichir la dimension humaine, si centrale dans cette aventure, autre que par l&rsquo;\u00e9crit et par l&rsquo;expertise artisanale. Le chalenge est d&rsquo;approfondir la compr\u00e9hension par le t\u00e9moignage et la documentation des gestes du travail de l&rsquo;\u00e9quipe. De nous rappeler de revenir \u00e0 l&rsquo;\u00e2me du projet, l&rsquo;homme.<\/p>\n<p>Thomas avait interpr\u00e9t\u00e9 cette r\u00e9flexion par une phrase quand je lui ai pr\u00e9sent\u00e9 le concept \u00ab\u00a0Tu sais Tal, les gens en occident et particuli\u00e8rement \u00e0 Paris n\u2019aiment pas se faire photographier mais ils veulent \u00eatre beaux sur les photos. Moi je cherche l\u2019\u00e2me de la personne dans ma photo pas l\u2019esth\u00e9tique.\u00a0C\u2019est ce que j\u2019ai pu saisir \u00e0 travers mes photographies dans les situations\u00a0 les plus pr\u00e9caires, ce que je cherche depuis. Mais gr\u00e2ce \u00e0 cette initiative \u00ab\u00a0M\u00e9moires Brod\u00e9es\u00a0\u00bb par la profondeur, le sens et dans le geste naturel du travail cr\u00e9atif on peut en saisir l\u2019Ame, m\u00eame \u00e0 Paris.\u00a0\u00bb<\/p>\n<p><img decoding=\"async\" alt=\"Bremond-2\" src=\"https:\/\/kkbb-production.s3.amazonaws.com\/uploads\/project_image\/image\/44380\/bremond-2.jpg\" data-cke-saved-src=\"https:\/\/kkbb-production.s3.amazonaws.com\/uploads\/project_image\/image\/44380\/bremond-2.jpg\" \/><\/p>\n<div style=\"padding-bottom:5px; padding-top:5px;\" class=\"hupso-share-buttons\"><!-- Hupso Share Buttons - https:\/\/www.hupso.com\/share\/ --><a class=\"hupso_toolbar\" href=\"https:\/\/www.hupso.com\/share\/\"><img decoding=\"async\" src=\"https:\/\/static.hupso.com\/share\/buttons\/share-small.png\" style=\"border:0px; padding-top: 5px; float:left;\" alt=\"Share Button\"\/><\/a><script type=\"text\/javascript\">var hupso_services_t=new Array(\"Twitter\",\"Facebook\",\"Google Plus\",\"Linkedin\");var hupso_background_t=\"#EAF4FF\";var hupso_border_t=\"#66CCFF\";var hupso_toolbar_size_t=\"small\";var hupso_image_folder_url = \"\";var hupso_url_t=\"\";var hupso_title_t=\"Thomas%20et%20l%E2%80%99exposition%20photographique\";<\/script><script type=\"text\/javascript\" src=\"https:\/\/static.hupso.com\/share\/js\/share_toolbar.js\"><\/script><!-- Hupso Share Buttons --><\/div>","protected":false},"excerpt":{"rendered":"<p>Il est temps de pr\u00e9senter le dernier membre de l&rsquo;\u00e9quipe, le fabuleux photographe Thomas Bremond. Il a commenc\u00e9 sa carri\u00e8re dans le journalisme. Sa premi\u00e8re mission l\u2019avait conduit aux c\u00f4t\u00e9s des rebelles du \u00a0Nigeria, entre les dunes. Depuis, Thomas a travaill\u00e9 dans des films. Dans le projet, \u00a0il aide \u00e0 enrichir la dimension humaine, si [&hellip;]<\/p>\n","protected":false},"author":2,"featured_media":0,"comment_status":"closed","ping_status":"closed","sticky":false,"template":"","format":"standard","meta":{"footnotes":""},"categories":[12],"tags":[],"class_list":["post-1772","post","type-post","status-publish","format-standard","hentry","category-news"],"_links":{"self":[{"href":"https:\/\/www.talvadesign.com\/index.php?rest_route=%2Fwp%2Fv2%2Fposts%2F1772&lang=fr","targetHints":{"allow":["GET"]}}],"collection":[{"href":"https:\/\/www.talvadesign.com\/index.php?rest_route=%2Fwp%2Fv2%2Fposts&lang=fr"}],"about":[{"href":"https:\/\/www.talvadesign.com\/index.php?rest_route=%2Fwp%2Fv2%2Ftypes%2Fpost&lang=fr"}],"author":[{"embeddable":true,"href":"https:\/\/www.talvadesign.com\/index.php?rest_route=%2Fwp%2Fv2%2Fusers%2F2&lang=fr"}],"replies":[{"embeddable":true,"href":"https:\/\/www.talvadesign.com\/index.php?rest_route=%2Fwp%2Fv2%2Fcomments&lang=fr&post=1772"}],"version-history":[{"count":1,"href":"https:\/\/www.talvadesign.com\/index.php?rest_route=%2Fwp%2Fv2%2Fposts%2F1772%2Frevisions&lang=fr"}],"predecessor-version":[{"id":1773,"href":"https:\/\/www.talvadesign.com\/index.php?rest_route=%2Fwp%2Fv2%2Fposts%2F1772%2Frevisions%2F1773&lang=fr"}],"wp:attachment":[{"href":"https:\/\/www.talvadesign.com\/index.php?rest_route=%2Fwp%2Fv2%2Fmedia&lang=fr&parent=1772"}],"wp:term":[{"taxonomy":"category","embeddable":true,"href":"https:\/\/www.talvadesign.com\/index.php?rest_route=%2Fwp%2Fv2%2Fcategories&lang=fr&post=1772"},{"taxonomy":"post_tag","embeddable":true,"href":"https:\/\/www.talvadesign.com\/index.php?rest_route=%2Fwp%2Fv2%2Ftags&lang=fr&post=1772"}],"curies":[{"name":"wp","href":"https:\/\/api.w.org\/{rel}","templated":true}]}}